{"id":574,"date":"2026-04-29T10:44:59","date_gmt":"2026-04-29T16:44:59","guid":{"rendered":"https:\/\/elmonitorcr.com\/?p=574"},"modified":"2026-04-29T10:56:03","modified_gmt":"2026-04-29T16:56:03","slug":"abierta-convocatoria-a-programa-internacional-que-ha-destacado-a-jovenes-de-curridabat","status":"publish","type":"post","link":"https:\/\/elmonitorcr.com\/?p=574","title":{"rendered":"Abierta convocatoria a programa internacional que ha destacado a j\u00f3venes de Curridabat"},"content":{"rendered":"\n<p>La Fundaci\u00f3n Bot\u00edn, organizaci\u00f3n privada sin fines de lucro fundada en 1964 en Santander, Espa\u00f1a, ha abierto la convocatoria para la <strong>XVII edici\u00f3n del Programa para el Fortalecimiento de la Funci\u00f3n P\u00fablica en Am\u00e9rica Latina<\/strong>, una de las iniciativas m\u00e1s distinguidas de la regi\u00f3n en formaci\u00f3n de j\u00f3venes l\u00edderes comprometidos con el servicio p\u00fablico.<\/p>\n\n\n\n<p>Desde el 2010, la Fundaci\u00f3n Bot\u00edn ofrece anualmente una beca completa a 32 j\u00f3venes latinoamericanos para participar en un <strong>programa presencial intensivo de aproximadamente 7 semanas<\/strong>, que combina formaci\u00f3n acad\u00e9mica, visitas institucionales y simulacros orientados al desarrollo de liderazgo, \u00e9tica p\u00fablica y habilidades personales. <strong>La postulaci\u00f3n completamente gratuita<\/strong>.<\/p>\n\n\n\n<p>El cant\u00f3n de Curridabat ha tenido una participaci\u00f3n destacada en este programa en los \u00faltimos a\u00f1os. En las \u00faltimas dos ediciones todos los seleccionados de Costa Rica fueron vecinos del cant\u00f3n. El a\u00f1o pasado, para la edici\u00f3n XVI, se registraron casi <strong>18.000 postulaciones en toda Latinoam\u00e9rica<\/strong>, lo que evidencia el posicionamiento de nuestro cant\u00f3n como un semillero de liderazgo joven a nivel nacional.<\/p>\n\n\n\n<p>Este a\u00f1o el programa arrancar\u00e1 el 13 de octubre en la Universidad de los Andes en Colombia, continuar\u00e1 en Espa\u00f1a donde los seleccionados se hospedar\u00e1n en las residencias estudiantiles del Consejo Superior de Investigaciones Cient\u00edficas (CSIC), realizar\u00e1n el Camino de Santiago y conocer\u00e1n la Universidad de Salamanca, finalmente llegar\u00e1 a su final el 3 de diciembre en R\u00edo de Janeiro, Brasil.<\/p>\n\n\n\n<p>El programa ofrece una beca completa, que cubre el 100% de los costos de participaci\u00f3n, incluyendo:<\/p>\n\n\n\n<ul class=\"wp-block-list\">\n<li>Transporte internacional (boletos a\u00e9reos).<\/li>\n\n\n\n<li>Alojamiento.<\/li>\n\n\n\n<li>Alimentaci\u00f3n.<\/li>\n<\/ul>\n\n\n\n<p>El Programa est\u00e1 destinado a j\u00f3venes universitarios con vocaci\u00f3n de servicio que cumplan con los siguientes requisitos:\u00a0<\/p>\n\n\n\n<ul class=\"wp-block-list\">\n<li>Tener nacionalidad de un pa\u00eds de Am\u00e9rica Latina.\u00a0<\/li>\n\n\n\n<li>Ser estudiante de cualquier carrera en alguna univer-sidad latinoamericana y que, en fecha 30 de septiembre de 2026, haya cursado m\u00e1s del 50% de sus estudios universitarios de grado, sin que los haya finalizado.<\/li>\n\n\n\n<li>Haber nacido entre el 1 de enero de 2001 y el 31 de diciembre de 2006.\u00a0<\/li>\n\n\n\n<li>Presentar el aval de su Universidad (puede avalar el Rector o cualquier persona autorizada por la Universidad)\u00a0<\/li>\n\n\n\n<li>Acreditar dominio suficiente del idioma espa\u00f1ol, en caso de no ser lengua materna.\u00a0<\/li>\n\n\n\n<li>Completar el formulario de postulaci\u00f3n y adjuntar la documentaci\u00f3n requerida dentro del plazo establecido.\u00a0<\/li>\n<\/ul>\n\n\n\n<p>Para registrar la postulaci\u00f3n los interesados pueden ingresar al sitio web: <a href=\"https:\/\/becas.fundacionbotin.org\/registro.jsp\">https:\/\/becas.fundacionbotin.org\/registro.jsp\u00a0<\/a><\/p>\n\n\n\n<p>Tambi\u00e9n pueden conocer m\u00e1s detalles en el sitio web oficial de la Fundaci\u00f3n Bot\u00edn <a href=\"https:\/\/fundacionbotin.org\/\">fundacionbotin.org<\/a> y las redes sociales de la Fundaci\u00f3n y el programa.<\/p>\n\n\n\n<p>La fecha de cierre de la convocatoria es el 20 de mayo de 2026, por lo que se recomienda iniciar el proceso con anticipaci\u00f3n para preparar adecuadamente los materiales requeridos.<\/p>\n\n\n\n<p>La invitaci\u00f3n queda abierta para la juventud de Curridabat, postular a este programa no solo representa una oportunidad de crecimiento personal y profesional, sino tambi\u00e9n una forma de proyectar al cant\u00f3n y al pa\u00eds en espacios de liderazgo regional y de ponerse al servicio de lo p\u00fablico.<\/p>\n\n\n\n<figure class=\"wp-block-image size-large\"><a href=\"https:\/\/elmonitorcr.com\/wp-content\/uploads\/2026\/01\/cropped-Cabasa-web728x90px-01.png\"><img loading=\"lazy\" decoding=\"async\" width=\"1024\" height=\"136\" src=\"https:\/\/elmonitorcr.com\/wp-content\/uploads\/2026\/01\/cropped-Cabasa-web728x90px-01-1024x136.png\" alt=\"\" class=\"wp-image-430\" srcset=\"https:\/\/elmonitorcr.com\/wp-content\/uploads\/2026\/01\/cropped-Cabasa-web728x90px-01-1024x136.png 1024w, https:\/\/elmonitorcr.com\/wp-content\/uploads\/2026\/01\/cropped-Cabasa-web728x90px-01-300x40.png 300w, https:\/\/elmonitorcr.com\/wp-content\/uploads\/2026\/01\/cropped-Cabasa-web728x90px-01-768x102.png 768w, https:\/\/elmonitorcr.com\/wp-content\/uploads\/2026\/01\/cropped-Cabasa-web728x90px-01.png 1418w\" sizes=\"auto, (max-width: 1024px) 100vw, 1024px\" \/><\/a><\/figure>\n","protected":false},"excerpt":{"rendered":"<p>La Fundaci\u00f3n Bot\u00edn, organizaci\u00f3n privada sin fines de lucro fundada en 1964 en Santander, Espa\u00f1a, ha abierto la convocatoria para la XVII edici\u00f3n del Programa para el Fortalecimiento de la Funci\u00f3n P\u00fablica en Am\u00e9rica Latina, una de las iniciativas m\u00e1s distinguidas de la regi\u00f3n en formaci\u00f3n de j\u00f3venes l\u00edderes comprometidos con el servicio p\u00fablico. Desde [&hellip;]<\/p>\n","protected":false},"author":2,"featured_media":575,"comment_status":"open","ping_status":"open","sticky":false,"template":"","format":"standard","meta":{"_jetpack_memberships_contains_paid_content":false,"footnotes":""},"categories":[6],"tags":[],"class_list":["post-574","post","type-post","status-publish","format-standard","has-post-thumbnail","hentry","category-buenas-noticias"],"jetpack_sharing_enabled":true,"jetpack_featured_media_url":"https:\/\/elmonitorcr.com\/wp-content\/uploads\/2026\/04\/15-EDICION-FORTAw.jpg","_links":{"self":[{"href":"https:\/\/elmonitorcr.com\/index.php?rest_route=\/wp\/v2\/posts\/574","targetHints":{"allow":["GET"]}}],"collection":[{"href":"https:\/\/elmonitorcr.com\/index.php?rest_route=\/wp\/v2\/posts"}],"about":[{"href":"https:\/\/elmonitorcr.com\/index.php?rest_route=\/wp\/v2\/types\/post"}],"author":[{"embeddable":true,"href":"https:\/\/elmonitorcr.com\/index.php?rest_route=\/wp\/v2\/users\/2"}],"replies":[{"embeddable":true,"href":"https:\/\/elmonitorcr.com\/index.php?rest_route=%2Fwp%2Fv2%2Fcomments&post=574"}],"version-history":[{"count":3,"href":"https:\/\/elmonitorcr.com\/index.php?rest_route=\/wp\/v2\/posts\/574\/revisions"}],"predecessor-version":[{"id":578,"href":"https:\/\/elmonitorcr.com\/index.php?rest_route=\/wp\/v2\/posts\/574\/revisions\/578"}],"wp:featuredmedia":[{"embeddable":true,"href":"https:\/\/elmonitorcr.com\/index.php?rest_route=\/wp\/v2\/media\/575"}],"wp:attachment":[{"href":"https:\/\/elmonitorcr.com\/index.php?rest_route=%2Fwp%2Fv2%2Fmedia&parent=574"}],"wp:term":[{"taxonomy":"category","embeddable":true,"href":"https:\/\/elmonitorcr.com\/index.php?rest_route=%2Fwp%2Fv2%2Fcategories&post=574"},{"taxonomy":"post_tag","embeddable":true,"href":"https:\/\/elmonitorcr.com\/index.php?rest_route=%2Fwp%2Fv2%2Ftags&post=574"}],"curies":[{"name":"wp","href":"https:\/\/api.w.org\/{rel}","templated":true}]}}