{"id":368,"date":"2025-10-20T22:21:18","date_gmt":"2025-10-21T04:21:18","guid":{"rendered":"https:\/\/elmonitorcr.com\/?p=368"},"modified":"2025-10-20T22:21:18","modified_gmt":"2025-10-21T04:21:18","slug":"municipalidad-anuncia-intervencion-en-calle-chanto-en-granadilla","status":"publish","type":"post","link":"https:\/\/elmonitorcr.com\/?p=368","title":{"rendered":"Municipalidad anuncia intervenci\u00f3n en Calle Chanto en Granadilla"},"content":{"rendered":"\n<p><strong>Se mantendr\u00e1 un cierre total y permanente del paso vehicular y peatonal en el tramo intervenido por un periodo estimado de dos meses. Se intervendr\u00e1n el paso de alcantarilla, las aceras, las barandas y la malla de cerramiento.<\/strong><\/p>\n\n\n\n<p><\/p>\n\n\n\n<p>La Municipalidad de Curridabat inform\u00f3 a la comunidad que, a partir de este lunes 20 de octubre de 2025, dio inicio a las obras de mejoramiento del paso de alcantarilla en la ruta cantonal conocida como Calle Chanto (Calle 149), ubicada en el distrito de Granadilla, aproximadamente <strong>350 metros al noreste del Colegio T\u00e9cnico Profesional de Granadilla.<\/strong><\/p>\n\n\n\n<ul class=\"wp-block-list\">\n<li><strong>Estas obras tienen como prop\u00f3sito:<\/strong><\/li>\n\n\n\n<li>a) Mejorar la capacidad hidr\u00e1ulica del sistema pluvial.<\/li>\n\n\n\n<li>b) Intervenir deslizamientos activos ocasionados por la ca\u00edda del cabezal de salida.<\/li>\n\n\n\n<li>c) Desincentivar la disposici\u00f3n inadecuada de residuos en la quebrada.<\/li>\n\n\n\n<li>d) Promover la seguridad peatonal, especialmente por el tr\u00e1nsito frecuente de estudiantes<\/li>\n\n\n\n<li>y vecinos de la zona.<\/li>\n<\/ul>\n\n\n\n<p>Los trabajos incluir\u00e1n la ampliaci\u00f3n del paso de alcantarilla, la construcci\u00f3n de cabezales, aceras, barandas y la reparaci\u00f3n de la malla de cerramiento.<\/p>\n\n\n\n<p>Durante el desarrollo de la obra ser\u00e1 necesario mantener un cierre total y permanente del paso vehicular y peatonal en el tramo intervenido (secci\u00f3n se\u00f1alada en amarillo en el mapa adjunto), por un periodo estimado de dos meses, por lo que ning\u00fan veh\u00edculo ni peat\u00f3n puede transitar por el \u00e1rea de las obras.<\/p>\n\n\n\n<p>La Municipalidad agradece la comprensi\u00f3n y colaboraci\u00f3n de la comunidad, e insta a los conductores a utilizar rutas alternas y tomar las precauciones necesarias durante el tiempo de ejecuci\u00f3n.<\/p>\n\n\n\n<figure class=\"wp-block-gallery has-nested-images columns-default is-cropped wp-block-gallery-1 is-layout-flex wp-block-gallery-is-layout-flex\">\n<figure class=\"wp-block-image size-large\"><a href=\"https:\/\/elmonitorcr.com\/wp-content\/uploads\/2025\/10\/WhatsApp-Image-2025-10-15-at-10.49.40-AM.jpeg\"><img loading=\"lazy\" decoding=\"async\" width=\"1024\" height=\"1024\" data-id=\"369\" src=\"https:\/\/elmonitorcr.com\/wp-content\/uploads\/2025\/10\/WhatsApp-Image-2025-10-15-at-10.49.40-AM-1024x1024.jpeg\" alt=\"\" class=\"wp-image-369\" srcset=\"https:\/\/elmonitorcr.com\/wp-content\/uploads\/2025\/10\/WhatsApp-Image-2025-10-15-at-10.49.40-AM-1024x1024.jpeg 1024w, https:\/\/elmonitorcr.com\/wp-content\/uploads\/2025\/10\/WhatsApp-Image-2025-10-15-at-10.49.40-AM-300x300.jpeg 300w, https:\/\/elmonitorcr.com\/wp-content\/uploads\/2025\/10\/WhatsApp-Image-2025-10-15-at-10.49.40-AM-150x150.jpeg 150w, https:\/\/elmonitorcr.com\/wp-content\/uploads\/2025\/10\/WhatsApp-Image-2025-10-15-at-10.49.40-AM-768x768.jpeg 768w, https:\/\/elmonitorcr.com\/wp-content\/uploads\/2025\/10\/WhatsApp-Image-2025-10-15-at-10.49.40-AM-1536x1536.jpeg 1536w, https:\/\/elmonitorcr.com\/wp-content\/uploads\/2025\/10\/WhatsApp-Image-2025-10-15-at-10.49.40-AM.jpeg 1600w\" sizes=\"auto, (max-width: 1024px) 100vw, 1024px\" \/><\/a><\/figure>\n<\/figure>\n","protected":false},"excerpt":{"rendered":"<p>Se mantendr\u00e1 un cierre total y permanente del paso vehicular y peatonal en el tramo intervenido por un periodo estimado de dos meses. Se intervendr\u00e1n el paso de alcantarilla, las aceras, las barandas y la malla de cerramiento. La Municipalidad de Curridabat inform\u00f3 a la comunidad que, a partir de este lunes 20 de octubre [&hellip;]<\/p>\n","protected":false},"author":2,"featured_media":370,"comment_status":"open","ping_status":"open","sticky":false,"template":"","format":"standard","meta":{"_jetpack_memberships_contains_paid_content":false,"footnotes":""},"categories":[4],"tags":[],"class_list":["post-368","post","type-post","status-publish","format-standard","has-post-thumbnail","hentry","category-gobierno-local"],"jetpack_sharing_enabled":true,"jetpack_featured_media_url":"https:\/\/elmonitorcr.com\/wp-content\/uploads\/2025\/10\/WhatsApp-Image-2025-10-15-at-10.49.40-AM-copy.jpeg","_links":{"self":[{"href":"https:\/\/elmonitorcr.com\/index.php?rest_route=\/wp\/v2\/posts\/368","targetHints":{"allow":["GET"]}}],"collection":[{"href":"https:\/\/elmonitorcr.com\/index.php?rest_route=\/wp\/v2\/posts"}],"about":[{"href":"https:\/\/elmonitorcr.com\/index.php?rest_route=\/wp\/v2\/types\/post"}],"author":[{"embeddable":true,"href":"https:\/\/elmonitorcr.com\/index.php?rest_route=\/wp\/v2\/users\/2"}],"replies":[{"embeddable":true,"href":"https:\/\/elmonitorcr.com\/index.php?rest_route=%2Fwp%2Fv2%2Fcomments&post=368"}],"version-history":[{"count":1,"href":"https:\/\/elmonitorcr.com\/index.php?rest_route=\/wp\/v2\/posts\/368\/revisions"}],"predecessor-version":[{"id":371,"href":"https:\/\/elmonitorcr.com\/index.php?rest_route=\/wp\/v2\/posts\/368\/revisions\/371"}],"wp:featuredmedia":[{"embeddable":true,"href":"https:\/\/elmonitorcr.com\/index.php?rest_route=\/wp\/v2\/media\/370"}],"wp:attachment":[{"href":"https:\/\/elmonitorcr.com\/index.php?rest_route=%2Fwp%2Fv2%2Fmedia&parent=368"}],"wp:term":[{"taxonomy":"category","embeddable":true,"href":"https:\/\/elmonitorcr.com\/index.php?rest_route=%2Fwp%2Fv2%2Fcategories&post=368"},{"taxonomy":"post_tag","embeddable":true,"href":"https:\/\/elmonitorcr.com\/index.php?rest_route=%2Fwp%2Fv2%2Ftags&post=368"}],"curies":[{"name":"wp","href":"https:\/\/api.w.org\/{rel}","templated":true}]}}