{"id":355,"date":"2025-10-11T12:25:06","date_gmt":"2025-10-11T18:25:06","guid":{"rendered":"https:\/\/elmonitorcr.com\/?p=355"},"modified":"2025-10-11T12:25:06","modified_gmt":"2025-10-11T18:25:06","slug":"kaluri-la-voz-incansable","status":"publish","type":"post","link":"https:\/\/elmonitorcr.com\/?p=355","title":{"rendered":"Kaluri, la voz incansable"},"content":{"rendered":"\n<p>Al finales de los a\u00f1os 60 y durante los 70s tuvimos la dicha de vivir nuestra juventud&nbsp; en la \u00e9poca dorada y rom\u00e1ntica de la m\u00fasica.<\/p>\n\n\n\n<p>So\u00f1\u00e1bamos con ser artistas&nbsp; y parecernos a los cantantes de moda, como eran, entre algunos Serrat, Luisito Rey o Sandro.&nbsp;<\/p>\n\n\n\n<p>Nuestro pueblo no fue la excepci\u00f3n de esa onda art\u00edstica. Ten\u00edamos cantantes como&nbsp; Francisco Lor\u00eda, Mario A. Milar, orquestas como la de don Hern\u00e1n S\u00e1nchez, grupos juveniles como el Grupo Quinto y el grupo Bah\u00eda, solo para nombrar algunos.<\/p>\n\n\n\n<p>Quedan muy pocos guerreros musicales de esa \u00e9poca que aun est\u00e9n activos. Es el caso de mi amigo Carlos Delgado Mora (Kaluri), vecino de Tirrases, quien despu\u00e9s hizo su vida y hasta hoy en Esparza de Puntarenas, donde se cas\u00f3 y tiene su familia.<\/p>\n\n\n\n<p>Naci\u00f3 en Curridabat en 1951, cantante de muchos grupos y orquestas; podr\u00eda enumerar varias, como la Orquesta Oro Musical, del Maestro don Fernando Cordero (q.D.g.), tambi\u00e9n vecino del pueblo en esos a\u00f1os, La Banda Azul, Grupo Electra, la Orquesta de \u00c1lvaro Morales, entre muchos m\u00e1s.<\/p>\n\n\n\n<p>Hoy&nbsp; a sus 70 y tantos a\u00f1os de vida sigue al pie del ca\u00f1on en su actividad musical, ya no en grupos ni orquestas si no como solista, amenizando fiestas y eventos privados, interpretando todo tipo de estilos y ritmos musicales donde, seg\u00fan me dice, se siente muy c\u00f3modo y realizado.&nbsp;<\/p>\n\n\n\n<figure class=\"wp-block-gallery has-nested-images columns-default is-cropped wp-block-gallery-1 is-layout-flex wp-block-gallery-is-layout-flex\">\n<figure class=\"wp-block-image size-large\"><a href=\"https:\/\/elmonitorcr.com\/wp-content\/uploads\/2025\/10\/Alvaro-Morales-web.jpg\"><img loading=\"lazy\" decoding=\"async\" width=\"646\" height=\"459\" data-id=\"357\" src=\"https:\/\/elmonitorcr.com\/wp-content\/uploads\/2025\/10\/Alvaro-Morales-web.jpg\" alt=\"\" class=\"wp-image-357\" srcset=\"https:\/\/elmonitorcr.com\/wp-content\/uploads\/2025\/10\/Alvaro-Morales-web.jpg 646w, https:\/\/elmonitorcr.com\/wp-content\/uploads\/2025\/10\/Alvaro-Morales-web-300x213.jpg 300w\" sizes=\"auto, (max-width: 646px) 100vw, 646px\" \/><\/a><figcaption class=\"wp-element-caption\"><br>Bandas de la \u00e9poca<\/figcaption><\/figure>\n\n\n\n<figure class=\"wp-block-image size-large\"><a href=\"https:\/\/elmonitorcr.com\/wp-content\/uploads\/2025\/10\/Electra-web.jpg\"><img loading=\"lazy\" decoding=\"async\" width=\"716\" height=\"710\" data-id=\"358\" src=\"https:\/\/elmonitorcr.com\/wp-content\/uploads\/2025\/10\/Electra-web.jpg\" alt=\"\" class=\"wp-image-358\" srcset=\"https:\/\/elmonitorcr.com\/wp-content\/uploads\/2025\/10\/Electra-web.jpg 716w, https:\/\/elmonitorcr.com\/wp-content\/uploads\/2025\/10\/Electra-web-300x297.jpg 300w, https:\/\/elmonitorcr.com\/wp-content\/uploads\/2025\/10\/Electra-web-150x150.jpg 150w\" sizes=\"auto, (max-width: 716px) 100vw, 716px\" \/><\/a><\/figure>\n<\/figure>\n\n\n\n<p>Si quiere contratarlo, ll\u00e1melo al celular 6040-1950. Felicito a Kaluri, por su gran trayectoria musical en estos 55 a\u00f1os de actividad ininterrumpida. \u00a1Felicidades y adelante!<\/p>\n","protected":false},"excerpt":{"rendered":"<p>Al finales de los a\u00f1os 60 y durante los 70s tuvimos la dicha de vivir nuestra juventud&nbsp; en la \u00e9poca dorada y rom\u00e1ntica de la m\u00fasica. So\u00f1\u00e1bamos con ser artistas&nbsp; y parecernos a los cantantes de moda, como eran, entre algunos Serrat, Luisito Rey o Sandro.&nbsp; Nuestro pueblo no fue la excepci\u00f3n de esa onda [&hellip;]<\/p>\n","protected":false},"author":4,"featured_media":356,"comment_status":"open","ping_status":"open","sticky":false,"template":"","format":"standard","meta":{"_jetpack_memberships_contains_paid_content":false,"footnotes":""},"categories":[13,5],"tags":[],"class_list":["post-355","post","type-post","status-publish","format-standard","has-post-thumbnail","hentry","category-arte-y-cultura","category-historia-arte-y-color"],"jetpack_sharing_enabled":true,"jetpack_featured_media_url":"https:\/\/elmonitorcr.com\/wp-content\/uploads\/2025\/10\/Kaluri-web.jpg","_links":{"self":[{"href":"https:\/\/elmonitorcr.com\/index.php?rest_route=\/wp\/v2\/posts\/355","targetHints":{"allow":["GET"]}}],"collection":[{"href":"https:\/\/elmonitorcr.com\/index.php?rest_route=\/wp\/v2\/posts"}],"about":[{"href":"https:\/\/elmonitorcr.com\/index.php?rest_route=\/wp\/v2\/types\/post"}],"author":[{"embeddable":true,"href":"https:\/\/elmonitorcr.com\/index.php?rest_route=\/wp\/v2\/users\/4"}],"replies":[{"embeddable":true,"href":"https:\/\/elmonitorcr.com\/index.php?rest_route=%2Fwp%2Fv2%2Fcomments&post=355"}],"version-history":[{"count":1,"href":"https:\/\/elmonitorcr.com\/index.php?rest_route=\/wp\/v2\/posts\/355\/revisions"}],"predecessor-version":[{"id":359,"href":"https:\/\/elmonitorcr.com\/index.php?rest_route=\/wp\/v2\/posts\/355\/revisions\/359"}],"wp:featuredmedia":[{"embeddable":true,"href":"https:\/\/elmonitorcr.com\/index.php?rest_route=\/wp\/v2\/media\/356"}],"wp:attachment":[{"href":"https:\/\/elmonitorcr.com\/index.php?rest_route=%2Fwp%2Fv2%2Fmedia&parent=355"}],"wp:term":[{"taxonomy":"category","embeddable":true,"href":"https:\/\/elmonitorcr.com\/index.php?rest_route=%2Fwp%2Fv2%2Fcategories&post=355"},{"taxonomy":"post_tag","embeddable":true,"href":"https:\/\/elmonitorcr.com\/index.php?rest_route=%2Fwp%2Fv2%2Ftags&post=355"}],"curies":[{"name":"wp","href":"https:\/\/api.w.org\/{rel}","templated":true}]}}