{"id":163,"date":"2025-03-31T13:08:05","date_gmt":"2025-03-31T19:08:05","guid":{"rendered":"https:\/\/elmonitorcr.com\/?p=163"},"modified":"2025-03-31T13:08:05","modified_gmt":"2025-03-31T19:08:05","slug":"alcaldia-reclamo-mas-cooperacion-al-concejo-durante-presentacion-de-informe-de-labores","status":"publish","type":"post","link":"https:\/\/elmonitorcr.com\/?p=163","title":{"rendered":"Alcald\u00eda reclam\u00f3 m\u00e1s cooperaci\u00f3n al Concejo durante presentaci\u00f3n de informe de labores"},"content":{"rendered":"\n<p>El pasado jueves 6 de marzo, la Alcald\u00eda de Curridabat present\u00f3, tal como indica la ley, el Informe de Labores correspondiente a 2024, en sesi\u00f3n extraordinaria del Concejo Municipal.&nbsp;<\/p>\n\n\n\n<p>La exposici\u00f3n tard\u00f3 alrededor de una hora y durante la misma, el Alcalde Errol Solano, manifest\u00f3 que se trataba de una presentaci\u00f3n m\u00e1s amigable para la ciudadan\u00eda, vinculada con las propuestas de su plan de gobierno.&nbsp;<\/p>\n\n\n\n<p>El Alcalde detall\u00f3 algunos cambios realizados en la Municipalidad desde su llegada en mayo de 2024: mejora en procesos internos, que abarcaron desde automatizaci\u00f3n de procedimientos hasta la reubicaci\u00f3n de oficinas, la reactivaci\u00f3n y aumento de servicios en inmuebles municipales, como los Centros de Desarrollo Humano, y un fuerte impulso a la comunicaci\u00f3n para que la ciudadan\u00eda tenga m\u00e1s acceso a la gesti\u00f3n municipal.&nbsp;<\/p>\n\n\n\n<p>Otro proyecto clave en desarrollo es \u201cConexi\u00f3n Curridabat\u201d que busca generar un sistema de transporte intracantonal.&nbsp;<\/p>\n\n\n\n<p>Tambi\u00e9n destac\u00f3 mejoras tecnol\u00f3gicas, como la creaci\u00f3n de una plataforma de matr\u00edcula para los cursos y actividades municipales, y el pronto relanzamiento de la aplicaci\u00f3n Yo Alcalde, que hab\u00eda estado \u201cbarada\u201d por varios a\u00f1os y que tanto reclamaba la ciudadan\u00eda.&nbsp;<\/p>\n\n\n\n<p>Asimismo, se refiri\u00f3 a una serie de mejoras de coordinaci\u00f3n interinstitucionales, entre estas con la Fuerza P\u00fablica, centros educativos del cant\u00f3n, o con otros cantones como La Uni\u00f3n, Montes de Oca y Desamparados, donde han planteado convenios de cooperaci\u00f3n en materia de seguridad y gesti\u00f3n de residuos.&nbsp;<\/p>\n\n\n\n<p>En la exposici\u00f3n tambi\u00e9n mencion\u00f3 algunas obras de infraestructura, como la intervenci\u00f3n en ciertas zonas de riesgo, la mejora en el Plantel Municipal y otros edificios municipales y la remodelaci\u00f3n de la \u201cplaza de La L\u00eda\u201d para convertirla en un \u201cparque deportivo\u201d.&nbsp;<\/p>\n\n\n\n<p>Sin embargo, el Alcalde reclam\u00f3 al Concejo m\u00e1s apoyo para la labor realizada. \u201cNo nos interesa qui\u00e9n tiene la raz\u00f3n, sino c\u00f3mo podemos ayudar, aqu\u00ed hay muchas personas con mucho valor, con muchos conocimiento, necesitamos la ayuda de todos y todas para poder hacer bien las cosas\u201d.&nbsp;<\/p>\n\n\n\n<p>La exposici\u00f3n, como ha sido evidente en los \u00faltimos meses, reflej\u00f3 las tensiones entre los dos \u00f3rganos principales de nuestro gobierno local: Concejo y Alcald\u00eda.&nbsp;<\/p>\n\n\n\n<p>Las relaciones a lo interno del partido Curridabat Siglo XXI han estado marcadas con un distanciamiento entre los regidores propietarios y el resto de los representantes y la misma Alcald\u00eda.<\/p>\n\n\n\n<p>Asimismo, se rompi\u00f3 el proyecto de varios partidos de oposici\u00f3n conocido como \u201cAlianza Curridabat\u201d, cuando algunos representantes del PLN y ADN se aliaron con la fracci\u00f3n de regidores propietarios de Curridabat Siglo XXI.<\/p>\n\n\n\n<figure class=\"wp-block-image size-full\"><a href=\"https:\/\/elmonitorcr.com\/wp-content\/uploads\/2025\/02\/Lavanderia-WEB-01.png\"><img loading=\"lazy\" decoding=\"async\" width=\"588\" height=\"215\" src=\"https:\/\/elmonitorcr.com\/wp-content\/uploads\/2025\/02\/Lavanderia-WEB-01.png\" alt=\"\" class=\"wp-image-110\" srcset=\"https:\/\/elmonitorcr.com\/wp-content\/uploads\/2025\/02\/Lavanderia-WEB-01.png 588w, https:\/\/elmonitorcr.com\/wp-content\/uploads\/2025\/02\/Lavanderia-WEB-01-300x110.png 300w\" sizes=\"auto, (max-width: 588px) 100vw, 588px\" \/><\/a><\/figure>\n","protected":false},"excerpt":{"rendered":"<p>El pasado jueves 6 de marzo, la Alcald\u00eda de Curridabat present\u00f3, tal como indica la ley, el Informe de Labores correspondiente a 2024, en sesi\u00f3n extraordinaria del Concejo Municipal.&nbsp; La exposici\u00f3n tard\u00f3 alrededor de una hora y durante la misma, el Alcalde Errol Solano, manifest\u00f3 que se trataba de una presentaci\u00f3n m\u00e1s amigable para la [&hellip;]<\/p>\n","protected":false},"author":2,"featured_media":164,"comment_status":"open","ping_status":"open","sticky":false,"template":"","format":"standard","meta":{"_jetpack_memberships_contains_paid_content":false,"footnotes":""},"categories":[4],"tags":[],"class_list":["post-163","post","type-post","status-publish","format-standard","has-post-thumbnail","hentry","category-gobierno-local"],"jetpack_sharing_enabled":true,"jetpack_featured_media_url":"https:\/\/elmonitorcr.com\/wp-content\/uploads\/2025\/03\/Errol-Solano-informe-25-web.jpeg","_links":{"self":[{"href":"https:\/\/elmonitorcr.com\/index.php?rest_route=\/wp\/v2\/posts\/163","targetHints":{"allow":["GET"]}}],"collection":[{"href":"https:\/\/elmonitorcr.com\/index.php?rest_route=\/wp\/v2\/posts"}],"about":[{"href":"https:\/\/elmonitorcr.com\/index.php?rest_route=\/wp\/v2\/types\/post"}],"author":[{"embeddable":true,"href":"https:\/\/elmonitorcr.com\/index.php?rest_route=\/wp\/v2\/users\/2"}],"replies":[{"embeddable":true,"href":"https:\/\/elmonitorcr.com\/index.php?rest_route=%2Fwp%2Fv2%2Fcomments&post=163"}],"version-history":[{"count":1,"href":"https:\/\/elmonitorcr.com\/index.php?rest_route=\/wp\/v2\/posts\/163\/revisions"}],"predecessor-version":[{"id":165,"href":"https:\/\/elmonitorcr.com\/index.php?rest_route=\/wp\/v2\/posts\/163\/revisions\/165"}],"wp:featuredmedia":[{"embeddable":true,"href":"https:\/\/elmonitorcr.com\/index.php?rest_route=\/wp\/v2\/media\/164"}],"wp:attachment":[{"href":"https:\/\/elmonitorcr.com\/index.php?rest_route=%2Fwp%2Fv2%2Fmedia&parent=163"}],"wp:term":[{"taxonomy":"category","embeddable":true,"href":"https:\/\/elmonitorcr.com\/index.php?rest_route=%2Fwp%2Fv2%2Fcategories&post=163"},{"taxonomy":"post_tag","embeddable":true,"href":"https:\/\/elmonitorcr.com\/index.php?rest_route=%2Fwp%2Fv2%2Ftags&post=163"}],"curies":[{"name":"wp","href":"https:\/\/api.w.org\/{rel}","templated":true}]}}