{"id":105,"date":"2025-02-27T17:59:00","date_gmt":"2025-02-27T23:59:00","guid":{"rendered":"https:\/\/elmonitorcr.com\/?p=105"},"modified":"2025-02-27T18:04:54","modified_gmt":"2025-02-28T00:04:54","slug":"no-es-un-mal-necesario-es-un-horrible-paisaje-que-esconde-un-peligro-ambiental","status":"publish","type":"post","link":"https:\/\/elmonitorcr.com\/?p=105","title":{"rendered":"No es un mal necesario, es un horrible paisaje que esconde un peligro ambiental"},"content":{"rendered":"\n<p>En varias ocasiones hemos abordado temas relacionados con diversas problem\u00e1ticas que presentan las ciudades actuales y de las que no se escapa nuestro querido cant\u00f3n. Congesti\u00f3n vial, seguridad, basura y otros etc\u00e9teras.<\/p>\n\n\n\n<p>Pero hay uno menos conversado pero muy presente por todas las rutas que transitamos a diario, la contaminaci\u00f3n visual generada por la recarga de cables de conducci\u00f3n el\u00e9ctrica y telecomunicaciones.<\/p>\n\n\n\n<p><strong>Evidente contaminaci\u00f3n, peligro latente<\/strong><\/p>\n\n\n\n<p>Desde mediados del siglo pasado el crecimiento de las ciudades ha sido exponencial y con la urbanizaci\u00f3n la necesidad de servicios y el desarrollo de nuevas tecnolog\u00edas han demandado un mayor uso de v\u00edas cableadas, que, a su vez, dependen de la infraestructura de postes para extender sus redes de servicios. Eso se traduce en im\u00e1genes recurrentes como las que les compartimos en las fotograf\u00edas que acompa\u00f1an esta nota.<\/p>\n\n\n\n<p>Para algunas personas existe un peligro latente que enciende los temores sobre qu\u00e9 pasar\u00eda si una acumulaci\u00f3n de cables sobrepasa la capacidad de carga del poste, o si en tanta mara\u00f1a existir\u00e1n peligros asociados como sobrecalentamiento, peligro de cortos circuitos, desprendimientos de l\u00edneas, u otros que ni siquiera imaginamos; hemos escuchado personas que aseguran que esas concentraciones de cables generan campos de radiaciones da\u00f1inos para la salud y otro tanto de teor\u00edas de conspiraci\u00f3n y miedos, algunos leg\u00edtimamente fundados.<\/p>\n\n\n\n<p>Para la mayor\u00eda solo queda confiar en que las compa\u00f1\u00edas aplican normas t\u00e9cnicas que resguarden la seguridad de los usuarios que viven o transitan cerca de estos postes, pero lo que s\u00ed es seguro y evidente es que estos monumentos de la electricidad y las telecomunicaciones afean el paisaje urbano, con las consecuentes secuelas que la contaminaci\u00f3n visual afecta la calidad de vida de la poblaci\u00f3n. &nbsp;<\/p>\n\n\n\n<p>John Scholl, un estimable lector de El Monitor, preocupado por el tema, nos comparte un resumen de varios reportajes que tratan el tema en otros pa\u00edses.<\/p>\n\n\n\n<p><em>El abuso de cables en los postes de alumbrado p\u00fablico genera serias implicaciones tanto para el bienestar ciudadano como para el medio ambiente. Aqu\u00ed detallo las principales preocupaciones respaldadas por estudios y noticias recientes:<\/em><\/p>\n\n\n\n<p><strong>1. Impacto en la salud y seguridad:<\/strong><\/p>\n\n\n\n<ul class=\"wp-block-list\">\n<li>El exceso de cables puede sobrecargar los postes, incrementando el riesgo de ca\u00eddas o colapsos estructurales, lo cual representa un peligro f\u00edsico para las comunidades cercanas. Tambi\u00e9n se han registrado casos de incendios y descargas el\u00e9ctricas asociados con la acumulaci\u00f3n desordenada de cableado.<\/li>\n\n\n\n<li>La contaminaci\u00f3n visual resultante de los postes saturados afecta negativamente el bienestar psicol\u00f3gico, generando estr\u00e9s, ansiedad y una percepci\u00f3n de caos que disminuye la calidad de vida en las zonas afectadas.<\/li>\n<\/ul>\n\n\n\n<p><strong>2. Impacto ambiental:<\/strong><\/p>\n\n\n\n<ul class=\"wp-block-list\">\n<li>La acumulaci\u00f3n excesiva de cables contribuye al deterioro est\u00e9tico del paisaje urbano, dificultando la integraci\u00f3n visual entre \u00e1reas naturales y urbanas. Esto reduce las posibilidades de conexi\u00f3n de los ciudadanos con el entorno y limita los espacios arm\u00f3nicos para actividades recreativas<\/li>\n<\/ul>\n\n\n\n<p><strong>3. Confusi\u00f3n y accidentes viales:<\/strong><\/p>\n\n\n\n<ul class=\"wp-block-list\">\n<li>La proliferaci\u00f3n de cables y equipos en los postes puede obstruir se\u00f1ales de tr\u00e1fico y generar distracciones visuales para conductores, incrementando el riesgo de accidentes<\/li>\n<\/ul>\n\n\n\n<p><strong>4. Efectos directos a la fauna de la zona<\/strong><\/p>\n\n\n\n<ul class=\"wp-block-list\">\n<li>La sobrecarga de cables en los postes de alumbrado p\u00fablico no solo afecta la est\u00e9tica urbana, sino que tambi\u00e9n presenta riesgos ecol\u00f3gicos serios para la fauna, particularmente para las aves.&nbsp;<\/li>\n\n\n\n<li>Adem\u00e1s, las aves suelen anidar en estos cables, lo que genera un peligro para su supervivencia si las instalaciones est\u00e1n mal mantenidas .<\/li>\n\n\n\n<li>Roedores y cables desordenados pueden atraer a roedores, que utilizan los cables como rutas de acceso a diferentes puntos de la infraestructura. Los roedores pueden alimentarse de los cables, lo que genera cortocircuitos y otras fallas el\u00e9ctricas. Adem\u00e1s, la acumulaci\u00f3n de material org\u00e1nico como excrementos o restos de comida cerca de los cables puede atraer a m\u00e1s roedores y otros animales.<\/li>\n<\/ul>\n\n\n\n<p><em>Puede leer las notas referidas en los siguientes enlaces:<\/em><\/p>\n\n\n\n<p><a href=\"https:\/\/www.latribuna.cl\/noticias\/2018\/08\/24\/cables-en-desuso-el-silencioso-peligro-que-cierne-sobre-nuestras-cabezas.html\">https:\/\/www.latribuna.cl\/noticias\/2018\/08\/24\/cables-en-desuso-el-silencioso-peligro-que-cierne-sobre-nuestras-cabezas.html<\/a><\/p>\n\n\n\n<p><a href=\"https:\/\/www.elpais.com.co\/cali\/telaranas-de-cables-en-los-postes-de-energia-un-peligro-que-agobia-dia-a-dia-a-los-calenos.html\">https:\/\/www.elpais.com.co\/cali\/telaranas-de-cables-en-los-postes-de-energia-un-peligro-que-agobia-dia-a-dia-a-los-calenos.html<\/a><\/p>\n\n\n\n<figure class=\"wp-block-embed is-type-wp-embed is-provider-ecolopedia wp-block-embed-ecolopedia\"><div class=\"wp-block-embed__wrapper\">\n<blockquote class=\"wp-embedded-content\" data-secret=\"LdMyBcKGMa\"><a href=\"https:\/\/ecolopedia.org\/medioambiente\/impactos-visuales\/\">Contaminaci\u00f3n Visual: Causas, Impactos Visuales y Soluciones<\/a><\/blockquote><iframe loading=\"lazy\" class=\"wp-embedded-content\" sandbox=\"allow-scripts\" security=\"restricted\" style=\"position: absolute; visibility: hidden;\" title=\"\u00abContaminaci\u00f3n Visual: Causas, Impactos Visuales y Soluciones\u00bb \u2014 Ecolopedia\" src=\"https:\/\/ecolopedia.org\/medioambiente\/impactos-visuales\/embed\/#?secret=zR7qg0fNnS#?secret=LdMyBcKGMa\" data-secret=\"LdMyBcKGMa\" width=\"600\" height=\"338\" frameborder=\"0\" marginwidth=\"0\" marginheight=\"0\" scrolling=\"no\"><\/iframe>\n<\/div><\/figure>\n\n\n\n<h2 class=\"wp-block-heading\"><strong>\u00bfPor qu\u00e9 se dan los abusos por parte de las cableras?<\/strong><\/h2>\n\n\n\n<p>Las compa\u00f1\u00edas de telecomunicaciones suelen dejar rollos completos de cables en los postes por varias razones operativas.&nbsp;<\/p>\n\n\n\n<p><strong>1. Cableado de reserva:<\/strong><\/p>\n\n\n\n<ul class=\"wp-block-list\">\n<li>Dejar rollos de cable en los postes act\u00faa como material de reserva para reparaciones r\u00e1pidas o ampliaciones de red.<\/li>\n<\/ul>\n\n\n\n<p><strong>2. Optimizaci\u00f3n de costos y tiempo:<\/strong><\/p>\n\n\n\n<ul class=\"wp-block-list\">\n<li>Dejar cable sobrante reduce los costos log\u00edsticos y financieros asociados con el transporte y bodegaje del material.<\/li>\n<\/ul>\n\n\n\n<p><strong>3. Evitar cortes innecesarios:<\/strong><\/p>\n\n\n\n<ul class=\"wp-block-list\">\n<li>Evita cortes que podr\u00edan da\u00f1ar los cables o complicar futuras instalaciones.<\/li>\n<\/ul>\n\n\n\n<p><strong>4. Errores de instalaci\u00f3n o mala planificaci\u00f3n:<\/strong><\/p>\n\n\n\n<ul class=\"wp-block-list\">\n<li>En ocasiones, los rollos de cables sobrantes se deben a errores de instalaci\u00f3n o planificaci\u00f3n deficiente.<\/li>\n<\/ul>\n\n\n\n<p><strong>5. Falta de regulaciones estrictas:<\/strong><\/p>\n\n\n\n<ul class=\"wp-block-list\">\n<li>La ausencia de normativas claras permite que las empresas sigan pr\u00e1cticas operativas sin restricciones.<\/li>\n\n\n\n<li>Sin embargo, aunque estas pr\u00e1cticas benefician a las empresas, no deben ser a costa del bienestar de los ciudadanos. No es justo que los ciudadanos sufran las consecuencias de estas decisiones:<\/li>\n\n\n\n<li>Los beneficios operativos de las empresas no deben ser pagados por los ciudadanos en forma de contaminaci\u00f3n visual o riesgos a la seguridad.&nbsp;<\/li>\n\n\n\n<li>Si la empresa necesita este excedente, deber\u00eda gestionar adecuadamente su almacenamiento en lugar de dejarlo en lugares visibles, generando desorden y posibles peligros.<\/li>\n\n\n\n<li>Los errores de las empresas no deben ser asumidos por los ciudadanos. La falta de planificaci\u00f3n o de control interno no debe implicar que los residentes deban tolerar cables mal instalados y desordenados, que no solo afectan la est\u00e9tica, sino tambi\u00e9n la seguridad y la funcionalidad de las infraestructuras urbanas.<\/li>\n\n\n\n<li>La falta de regulaci\u00f3n no debe ser un pretexto para que las empresas pasen por encima de los derechos de los ciudadanos.&nbsp;<\/li>\n<\/ul>\n\n\n\n<p>Seg\u00fan Scholl, las municipalidades tienen potestad para regular y sancionar conductas que afecten el ambiente y el orden p\u00fablico y la responsabilidad de imponer reglas claras que garanticen un entorno urbano seguro, est\u00e9ticamente agradable dentro de su jurisdicci\u00f3n, adem\u00e1s propone un proyecto para crear un reglamento local sobre contaminaci\u00f3n visual y estructural de postes.<\/p>\n\n\n\n<p>En su proyecto incluye campa\u00f1as de concienciaci\u00f3n, convenios con la CNFL y con empresas privadas (como proveedores de electricidad o telecomunicaciones) para regular el uso de postes, as\u00ed como mecanismos para denunciar irregularidades y agilizar la aplicaci\u00f3n de sanciones.&nbsp;<\/p>\n\n\n\n<p>En contraposici\u00f3n, el Alcalde Errol Solano indic\u00f3 ante consulta de El Monitor, que \u201clos alcances municipales no tienen suprapoder sobre otras instituciones; no podemos ni tenemos injerencias ni t\u00e9cnicas ni legales sobre la CNFL, ente que administra los postes, aunque estamos conscientes de que el servicio presenta esa problem\u00e1tica, no tenemos las competencias para actuar sobre este asunto\u201d.<\/p>\n\n\n\n<p>A prop\u00f3sito del tema consultamos con la CNFL sobre la problem\u00e1tica, especialmente ahora que est\u00e1n realizando remplazo de poster\u00eda en varios sectores de Curridabat.<\/p>\n\n\n\n<ul class=\"wp-block-list\">\n<li><strong>1. \u00bfEn qu\u00e9 consiste el plan de cambio de postes?<\/strong><\/li>\n\n\n\n<li><strong>R\/<\/strong> Los trabajos desarrollados en el sector de Curridabat son parte del alcance las obras incluidas en el Proyecto RIDE San Jos\u00e9 Este, el cual, comprende conversiones en media tensi\u00f3n, pasando redes de distribuci\u00f3n de un sistema de 13,8 kV a 34,5 kV y la renovaci\u00f3n de obras electromec\u00e1nicas y de Alumbrado P\u00fablico en sectores de los distritos de San Pedro, Curridabat y Tirrases.<\/li>\n\n\n\n<li>El alcance y enfoque de las obras ejecutadas fueron pensados para atender centros urbanos del \u00e1rea servida por la CNFL y comprende el cambio y reacondicionamiento del sistema de distribuci\u00f3n mediante el cambio de conductores, aisladores, equipos de protecci\u00f3n, transformaci\u00f3n, herrajes, acometidas, postes, anclajes y estructuras que conforman las redes a\u00e9reas de media y baja tensi\u00f3n y que operan en los sectores mencionados en sistemas de 34,5 kV y de 13,8 kV y que en la actualidad han alcanzado la vida \u00fatil f\u00edsica y tienen un alto grado de obsolescencia, con el objetivo de mejorar la calidad del servicio y reducir las p\u00e9rdidas t\u00e9cnicas, esto beneficiar\u00e1 a clientes residenciales, comerciales e industriales.<\/li>\n<\/ul>\n\n\n\n<ul class=\"wp-block-list\">\n<li><strong>2. \u00bfCu\u00e1ntos postes est\u00e1n cambiando y por qu\u00e9?<\/strong><\/li>\n\n\n\n<li><strong>R\/ <\/strong>En el sector de Curridabat, se proyecta la renovaci\u00f3n de aproximadamente 380 postes. Este cambio es esencial para mejorar la calidad y continuidad del suministro de energ\u00eda el\u00e9ctrica y para disminuir la probabilidad de impactos (enganches) de veh\u00edculos contra los conductores el\u00e9ctricos, de telefon\u00eda y televisi\u00f3n por cable, gracias al aumento de la altura de los postes.<\/li>\n<\/ul>\n\n\n\n<ul class=\"wp-block-list\">\n<li><strong>3. \u00bfCu\u00e1l es la inversi\u00f3n y el plazo?<\/strong><\/li>\n\n\n\n<li><strong>R\/ <\/strong>La inversi\u00f3n global del proyecto estimada es de aproximadamente \u20a1 8.157 millones de colones. Se estima que la ejecuci\u00f3n de las obras se desarrolle entre los a\u00f1os 2024 y primer semestre del 2026.<\/li>\n<\/ul>\n\n\n\n<ul class=\"wp-block-list\">\n<li><strong>4. \u00bfEste proyecto va a mejorar la sobrecarga o saturaci\u00f3n de cables actual?<\/strong><\/li>\n\n\n\n<li><strong>R\/ <\/strong>S\u00ed, el proyecto est\u00e1 dise\u00f1ado para mejorar la infraestructura de la red de distribuci\u00f3n y alumbrado p\u00fablico a nivel visual y funcional. Se coordina con las empresas cableras y el ICE, para que una vez se completen las obras del proyecto, procedan con el traslado a la nueva poster\u00eda, con ello, se eliminar\u00e1 la sobrecarga de los cables en desuso (principalmente redes de Infocomunicaciones). Adem\u00e1s, la conversi\u00f3n de tensi\u00f3n y el cambio de luminarias de Sodio por tecnolog\u00eda LED contribuir\u00e1n a solucionar progresivamente la problem\u00e1tica de caducidad de la red el\u00e9ctrica, reduciendo la incidencia de aver\u00edas y mejorando la calidad del servicio el\u00e9ctrico.<\/li>\n<\/ul>\n\n\n\n<figure class=\"wp-block-image size-full\"><a href=\"https:\/\/elmonitorcr.com\/wp-content\/uploads\/2025\/02\/WhatsApp-Image-2025-02-27-at-6.00.12-PM.jpeg\"><img loading=\"lazy\" decoding=\"async\" width=\"725\" height=\"475\" src=\"https:\/\/elmonitorcr.com\/wp-content\/uploads\/2025\/02\/WhatsApp-Image-2025-02-27-at-6.00.12-PM.jpeg\" alt=\"\" class=\"wp-image-113\" srcset=\"https:\/\/elmonitorcr.com\/wp-content\/uploads\/2025\/02\/WhatsApp-Image-2025-02-27-at-6.00.12-PM.jpeg 725w, https:\/\/elmonitorcr.com\/wp-content\/uploads\/2025\/02\/WhatsApp-Image-2025-02-27-at-6.00.12-PM-300x197.jpeg 300w\" sizes=\"auto, (max-width: 725px) 100vw, 725px\" \/><\/a><\/figure>\n\n\n\n<p>En algunos de los problemas mencionados, f\u00e1cilmente podemos actuar desde nuestros hogares para ayudar a resolverlos.&nbsp; La gesti\u00f3n de residuos es un buen ejemplo donde podemos actuar:&nbsp; reciclaje, compostaje, reducci\u00f3n del consumo. El tema de la contaminaci\u00f3n visual generada por los cables y la poster\u00eda es otro.&nbsp; Nos corresponde exigir a las empresas, como la CNFL o las cableras, aplicar la Ley de Gesti\u00f3n Integral de Residuos, que hace responsables directos a los generadores. Concordamos con el se\u00f1or Scholl, quien visibiliza etos problemas. Esperamos que con el cambio de postes en Curridabat se aproveche para descontaminar el tendido que poco a poco nos ha venido cerrando el paisaje y que las empresas cableras tengan la obligaci\u00f3n de retirar los cables cada vez que un cliente prescinde de sus servicios.<\/p>\n\n\n\n<p><\/p>\n\n\n\n<figure class=\"wp-block-image size-full\"><a href=\"https:\/\/elmonitorcr.com\/wp-content\/uploads\/2025\/02\/Lavanderia-WEB-01.png\"><img loading=\"lazy\" decoding=\"async\" width=\"588\" height=\"215\" src=\"https:\/\/elmonitorcr.com\/wp-content\/uploads\/2025\/02\/Lavanderia-WEB-01.png\" alt=\"\" class=\"wp-image-110\" srcset=\"https:\/\/elmonitorcr.com\/wp-content\/uploads\/2025\/02\/Lavanderia-WEB-01.png 588w, https:\/\/elmonitorcr.com\/wp-content\/uploads\/2025\/02\/Lavanderia-WEB-01-300x110.png 300w\" sizes=\"auto, (max-width: 588px) 100vw, 588px\" \/><\/a><\/figure>\n","protected":false},"excerpt":{"rendered":"<p>En varias ocasiones hemos abordado temas relacionados con diversas problem\u00e1ticas que presentan las ciudades actuales y de las que no se escapa nuestro querido cant\u00f3n. Congesti\u00f3n vial, seguridad, basura y otros etc\u00e9teras. Pero hay uno menos conversado pero muy presente por todas las rutas que transitamos a diario, la contaminaci\u00f3n visual generada por la recarga [&hellip;]<\/p>\n","protected":false},"author":2,"featured_media":109,"comment_status":"open","ping_status":"open","sticky":false,"template":"","format":"standard","meta":{"_jetpack_memberships_contains_paid_content":false,"footnotes":""},"categories":[1],"tags":[],"class_list":["post-105","post","type-post","status-publish","format-standard","has-post-thumbnail","hentry","category-desde-mi-barrio"],"jetpack_sharing_enabled":true,"jetpack_featured_media_url":"https:\/\/elmonitorcr.com\/wp-content\/uploads\/2025\/02\/Cables-y-postes1-web.jpeg","_links":{"self":[{"href":"https:\/\/elmonitorcr.com\/index.php?rest_route=\/wp\/v2\/posts\/105","targetHints":{"allow":["GET"]}}],"collection":[{"href":"https:\/\/elmonitorcr.com\/index.php?rest_route=\/wp\/v2\/posts"}],"about":[{"href":"https:\/\/elmonitorcr.com\/index.php?rest_route=\/wp\/v2\/types\/post"}],"author":[{"embeddable":true,"href":"https:\/\/elmonitorcr.com\/index.php?rest_route=\/wp\/v2\/users\/2"}],"replies":[{"embeddable":true,"href":"https:\/\/elmonitorcr.com\/index.php?rest_route=%2Fwp%2Fv2%2Fcomments&post=105"}],"version-history":[{"count":5,"href":"https:\/\/elmonitorcr.com\/index.php?rest_route=\/wp\/v2\/posts\/105\/revisions"}],"predecessor-version":[{"id":115,"href":"https:\/\/elmonitorcr.com\/index.php?rest_route=\/wp\/v2\/posts\/105\/revisions\/115"}],"wp:featuredmedia":[{"embeddable":true,"href":"https:\/\/elmonitorcr.com\/index.php?rest_route=\/wp\/v2\/media\/109"}],"wp:attachment":[{"href":"https:\/\/elmonitorcr.com\/index.php?rest_route=%2Fwp%2Fv2%2Fmedia&parent=105"}],"wp:term":[{"taxonomy":"category","embeddable":true,"href":"https:\/\/elmonitorcr.com\/index.php?rest_route=%2Fwp%2Fv2%2Fcategories&post=105"},{"taxonomy":"post_tag","embeddable":true,"href":"https:\/\/elmonitorcr.com\/index.php?rest_route=%2Fwp%2Fv2%2Ftags&post=105"}],"curies":[{"name":"wp","href":"https:\/\/api.w.org\/{rel}","templated":true}]}}